{"id":834,"date":"2025-08-14T19:02:51","date_gmt":"2025-08-14T17:02:51","guid":{"rendered":"http:\/\/www.iconografi.it\/?p=834"},"modified":"2025-01-10T06:45:11","modified_gmt":"2025-01-10T05:45:11","slug":"vestita-di-sole-15-agosto-festa-dellassunta","status":"publish","type":"post","link":"https:\/\/www.iconografi.it\/?p=834","title":{"rendered":"Vestita di Sole &#8211; 15 agosto &#8211; festa dell&#8217;Assunta"},"content":{"rendered":"<p><strong>Il linguaggio universale che avvia alla preghiera.<\/strong><\/p>\n<p>&nbsp;<\/p>\n<div id=\"attachment_1912\" style=\"width: 301px\" class=\"wp-caption alignright\"><a href=\"https:\/\/www.iconografi.it\/wordpress\/..\/public\/2018\/08\/Dormizione.jpg\"><img loading=\"lazy\" decoding=\"async\" aria-describedby=\"caption-attachment-1912\" class=\"wp-image-1912\" src=\"https:\/\/www.iconografi.it\/wordpress\/..\/public\/2018\/08\/Dormizione-248x300.jpg\" alt=\"\" width=\"291\" height=\"352\" srcset=\"https:\/\/www.iconografi.it\/wordpress\/..\/public\/2018\/08\/Dormizione-248x300.jpg 248w, https:\/\/www.iconografi.it\/wordpress\/..\/public\/2018\/08\/Dormizione-768x929.jpg 768w, https:\/\/www.iconografi.it\/wordpress\/..\/public\/2018\/08\/Dormizione-847x1024.jpg 847w\" sizes=\"auto, (max-width: 291px) 100vw, 291px\" \/><\/a><p id=\"caption-attachment-1912\" class=\"wp-caption-text\"><span style=\"font-size: 8pt; font-family: arial, helvetica, sans-serif;\">Dormizione della Madre di Dio, fine XII sec., Mosca, Galleria Tretiakov<\/span><\/p><\/div>\n<p>La Madre di Ges\u00f9 \u00e8 il soggetto prevalente delle icone, quelle antiche e quelle moderne realizzate in base a un linguaggio che a Padova \u00e8 stato riportato in auge dalla scuola San Luca.<br \/>\n&#8220;La Madonna compare con frequenza sia nelle piccole icone di devozione individuale e familiare, sia nelle grandi icone delle feste, per il suo ruolo eminente nella storia della salvezza. La sua presenza si esprime in un numero preciso di tipologie che sono attribuite a San Luca e che attingono a significati universali&#8221;.<br \/>\nIl linguaggio iconografico, che viene insegnato nei corsi, tradizionalmente avviati il 18 ottobre, festa di San Luca, non vuole rappresentare momenti di vita o esprimere il sentimento dell&#8217;artista, ma piuttosto dare forma all&#8217;archetipo individuale e collettivo del sacro.<\/p>\n<p>&#8220;Vediamo per esempio la &#8220;Dormitio Virginis&#8221; con cui la tradizione orientale raffigura l&#8217;Assunzione. Vi si leggono tre livelli: quello inferiore con il catafalco e gli apostoli, quello centrale con il Cristo glorioso che prende in mano l&#8217;anima di Maria e quello superiore in cui la Madonna viene accolta nella gloria della nuova Gerusalemme, sposa dell&#8217;Agnello. La Madonna \u00e8 il simbolo della Chiesa che alla fine dei tempi si ricongiunge al suo sposo&#8221;.<br \/>\nNon a caso questa icona veniva posta sulla porta di uscita della chiesa, quasi a suggello della storia di salvezza. L&#8217;anno liturgico che comincia con la Nativit\u00e0 di Maria finisce con l&#8217;Assunzione, l&#8217;ascesa al cielo della Madre di Dio che rappresenta tutti noi nella Chiesa.<br \/>\n&#8220;Il linguaggio iconico non \u00e8 astruso e astratto, ma universale e immediato, non ha bisogno di spiegazioni. L&#8217;atteggiamento, lo sguardo e il colore esprimono contenuti che qualsiasi fedele pu\u00f2 trovare e davanti a cui viene spontanea la preghiera&#8221;.<br \/>\n<em>Da una intervista ad Annarosa Ambrosi pubblicata su &#8220;La Difesa del Popolo&#8221;.<\/em><\/p>\n","protected":false},"excerpt":{"rendered":"<p>Il linguaggio universale che avvia alla preghiera. &nbsp; La Madre di Ges\u00f9 \u00e8 il soggetto prevalente delle icone, quelle antiche e quelle moderne realizzate in base a un linguaggio che a Padova \u00e8 stato riportato in auge dalla scuola San &hellip; <a href=\"https:\/\/www.iconografi.it\/?p=834\">Continua a leggere<span class=\"meta-nav\">&rarr;<\/span><\/a><\/p>\n","protected":false},"author":2,"featured_media":0,"comment_status":"closed","ping_status":"closed","sticky":false,"template":"","format":"standard","meta":{"footnotes":""},"categories":[10,3,58],"tags":[],"class_list":["post-834","post","type-post","status-publish","format-standard","hentry","category-cultura","category-limmagine-sacra-nella-chiesa","category-scuola-di-iconografia"],"_links":{"self":[{"href":"https:\/\/www.iconografi.it\/index.php?rest_route=\/wp\/v2\/posts\/834","targetHints":{"allow":["GET"]}}],"collection":[{"href":"https:\/\/www.iconografi.it\/index.php?rest_route=\/wp\/v2\/posts"}],"about":[{"href":"https:\/\/www.iconografi.it\/index.php?rest_route=\/wp\/v2\/types\/post"}],"author":[{"embeddable":true,"href":"https:\/\/www.iconografi.it\/index.php?rest_route=\/wp\/v2\/users\/2"}],"replies":[{"embeddable":true,"href":"https:\/\/www.iconografi.it\/index.php?rest_route=%2Fwp%2Fv2%2Fcomments&post=834"}],"version-history":[{"count":16,"href":"https:\/\/www.iconografi.it\/index.php?rest_route=\/wp\/v2\/posts\/834\/revisions"}],"predecessor-version":[{"id":1914,"href":"https:\/\/www.iconografi.it\/index.php?rest_route=\/wp\/v2\/posts\/834\/revisions\/1914"}],"wp:attachment":[{"href":"https:\/\/www.iconografi.it\/index.php?rest_route=%2Fwp%2Fv2%2Fmedia&parent=834"}],"wp:term":[{"taxonomy":"category","embeddable":true,"href":"https:\/\/www.iconografi.it\/index.php?rest_route=%2Fwp%2Fv2%2Fcategories&post=834"},{"taxonomy":"post_tag","embeddable":true,"href":"https:\/\/www.iconografi.it\/index.php?rest_route=%2Fwp%2Fv2%2Ftags&post=834"}],"curies":[{"name":"wp","href":"https:\/\/api.w.org\/{rel}","templated":true}]}}