{"id":1636,"date":"2026-04-11T21:01:32","date_gmt":"2026-04-11T19:01:32","guid":{"rendered":"http:\/\/www.iconografi.it\/?p=1636"},"modified":"2026-04-12T07:45:37","modified_gmt":"2026-04-12T05:45:37","slug":"icona-di-gesu-misericordioso","status":"publish","type":"post","link":"https:\/\/www.iconografi.it\/?p=1636","title":{"rendered":"Icona di Ges\u00f9 Misericordioso"},"content":{"rendered":"<p>Il corso annuale della Scuola diocesana di Iconografia s. Luca di Padova guidato dal Maestro Giovanni Mezzalira nel 2015-2016 (ANNO DELLA MISERICORDIA) ha realizzato l&#8217;Icona di Ges\u00f9 Misericordioso, secondo i canoni trasmessi da s. Sr. Faustina Kowalska.<\/p>\n<div id=\"attachment_1641\" style=\"width: 159px\" class=\"wp-caption alignright\"><a href=\"http:\/\/www.iconografi.it\/wordpress\/..\/public\/2016\/06\/Icona-di-Gesu-Misericordioso.jpg\"><img loading=\"lazy\" decoding=\"async\" aria-describedby=\"caption-attachment-1641\" class=\"size-medium wp-image-1641\" src=\"http:\/\/www.iconografi.it\/wordpress\/..\/public\/2016\/06\/Icona-di-Gesu-Misericordioso-149x300.jpg\" alt=\"Icona di Ges\u00f9 Misericordioso\" width=\"149\" height=\"300\" srcset=\"https:\/\/www.iconografi.it\/wordpress\/..\/public\/2016\/06\/Icona-di-Gesu-Misericordioso-149x300.jpg 149w, https:\/\/www.iconografi.it\/wordpress\/..\/public\/2016\/06\/Icona-di-Gesu-Misericordioso-510x1024.jpg 510w, https:\/\/www.iconografi.it\/wordpress\/..\/public\/2016\/06\/Icona-di-Gesu-Misericordioso.jpg 1445w\" sizes=\"auto, (max-width: 149px) 100vw, 149px\" \/><\/a><p id=\"caption-attachment-1641\" class=\"wp-caption-text\">Icona di Ges\u00f9 Misericordioso<\/p><\/div>\n<p>Il 22.2.1931 sr. Faustina ebbe una visione che ella cos\u00ec descrive nel suo Diario:<\/p>\n<p>&#8220;<em>Stando nella mia cella, vidi il Signore Ges\u00f9 vestito di una veste bianca: una mano alzata per benedire, mentre l&#8217;altra toccava sul petto la veste, che ivi leggermente scostata lasciava uscire due grandi raggi, rosso l&#8217;uno e l&#8217;altro pallido (&#8230;).<\/em><br \/>\n<em> Ges\u00f9 mi disse: <strong>DIPINGI<\/strong> UN&#8217;IMMAGINE SECONDO IL MODELLO CHE VEDI, CON SOTTO SCRITTO: GES\u00d9 CONFIDO IN TE! DESIDERO CHE QUESTA IMMAGINE VENGA VENERATA PRIMA NELLA VOSTRA CAPPELLA, E POI NEL MONDO INTERO (&#8230;).<\/em><br \/>\n<em> Mentre pregavo udii interiormente queste parole: I DUE RAGGI RAPPRESENTANO IL SANGUE E L&#8217;ACQUA. IL RAGGIO PALLIDO RAPPRESENTA L&#8217;ACQUA CHE GIUSTIFICA LE ANIME; IL RAGGIO ROSSO RAPPRESENTA IL SANGUE CHE \u00c8 LA VITA DELLE ANIME. ENTRAMBI I RAGGI USCIRONO DALL&#8217;INTIMO DELLA MIA MISERICORDIA, QUANDO SULLA CROCE IL MIO CUORE, GI\u00c0 IN AGONIA, VENNE SQUARCIATO CON LA LANCIA.<\/em>&#8221;<br \/>\nDisse ancora Ges\u00f9 a sr. Faustina (come ella riferisce nel suo Diario): &#8220;<strong><em>Attraverso questa immagine conceder\u00f2 molte grazie<\/em><\/strong>&#8220;.<\/p>\n<p>Il papa Benedetto XVI, nel <em>Regina Caeli<\/em> del 23 aprile 2006 cos\u00ec diceva della sacra immagine di sr. Faustina:<br \/>\n&#8220;<em>Quelle sacre piaghe nelle mani, nei piedi e nel costato sono sorgente inesauribile di fede, di speranza e d&#8217;amore a cui ognuno pu\u00f2 attingere, specialmente le anime pi\u00f9 assetate della Divina Misericordia. Il culto della Misericordia Divina non \u00e8 una devozione secondaria, ma dimensione integrante della fede e della preghiera del cristiano<\/em>&#8220;.<\/p>\n<p>Ci sentiamo incoraggiati a riproporre questa sacra immagine, proprio in obbedienza all&#8217;invito di Ges\u00f9 &#8220;<strong><em>dipingi<\/em>&#8230;!<\/strong>&#8221; che, attraverso le parole di sr. Faustina, la Chiesa ha accolto e approvato.<br \/>\nLo facciamo con il linguaggio dell&#8217;iconografia comune alla Chiesa unita del Primo Millennio cristiano, nella convinzione che tale linguaggio, in quanto universale, sia il pi\u00f9 efficace per esprimere il sacro contenuto che esso racchiude.<\/p>\n","protected":false},"excerpt":{"rendered":"<p>Il corso annuale della Scuola diocesana di Iconografia s. Luca di Padova guidato dal Maestro Giovanni Mezzalira nel 2015-2016 (ANNO DELLA MISERICORDIA) ha realizzato l&#8217;Icona di Ges\u00f9 Misericordioso, secondo i canoni trasmessi da s. Sr. Faustina Kowalska. Il 22.2.1931 sr. &hellip; <a href=\"https:\/\/www.iconografi.it\/?p=1636\">Continua a leggere<span class=\"meta-nav\">&rarr;<\/span><\/a><\/p>\n","protected":false},"author":2,"featured_media":0,"comment_status":"closed","ping_status":"closed","sticky":false,"template":"","format":"standard","meta":{"footnotes":""},"categories":[3],"tags":[],"class_list":["post-1636","post","type-post","status-publish","format-standard","hentry","category-limmagine-sacra-nella-chiesa"],"_links":{"self":[{"href":"https:\/\/www.iconografi.it\/index.php?rest_route=\/wp\/v2\/posts\/1636","targetHints":{"allow":["GET"]}}],"collection":[{"href":"https:\/\/www.iconografi.it\/index.php?rest_route=\/wp\/v2\/posts"}],"about":[{"href":"https:\/\/www.iconografi.it\/index.php?rest_route=\/wp\/v2\/types\/post"}],"author":[{"embeddable":true,"href":"https:\/\/www.iconografi.it\/index.php?rest_route=\/wp\/v2\/users\/2"}],"replies":[{"embeddable":true,"href":"https:\/\/www.iconografi.it\/index.php?rest_route=%2Fwp%2Fv2%2Fcomments&post=1636"}],"version-history":[{"count":7,"href":"https:\/\/www.iconografi.it\/index.php?rest_route=\/wp\/v2\/posts\/1636\/revisions"}],"predecessor-version":[{"id":4560,"href":"https:\/\/www.iconografi.it\/index.php?rest_route=\/wp\/v2\/posts\/1636\/revisions\/4560"}],"wp:attachment":[{"href":"https:\/\/www.iconografi.it\/index.php?rest_route=%2Fwp%2Fv2%2Fmedia&parent=1636"}],"wp:term":[{"taxonomy":"category","embeddable":true,"href":"https:\/\/www.iconografi.it\/index.php?rest_route=%2Fwp%2Fv2%2Fcategories&post=1636"},{"taxonomy":"post_tag","embeddable":true,"href":"https:\/\/www.iconografi.it\/index.php?rest_route=%2Fwp%2Fv2%2Ftags&post=1636"}],"curies":[{"name":"wp","href":"https:\/\/api.w.org\/{rel}","templated":true}]}}