{"id":1402,"date":"2014-09-02T12:01:58","date_gmt":"2014-09-02T10:01:58","guid":{"rendered":"http:\/\/www.iconografi.it\/?p=1402"},"modified":"2021-05-26T22:16:26","modified_gmt":"2021-05-26T20:16:26","slug":"corsi-di-iconografia-2014-2015","status":"publish","type":"post","link":"https:\/\/www.iconografi.it\/?p=1402","title":{"rendered":"Corsi di iconografia 2014-2015"},"content":{"rendered":"<h2><span style=\"font-size: 12pt;\"><strong><span style=\"color: #800000;\">SCUOLA DIOCESANA DI ICONOGRAFIA &#8220;S. LUCA&#8221;<\/span><\/strong><br \/>\n<span style=\"color: #800000;\">L&#8217;ARTE SACRA DELL&#8217;ICONA\u00a0A SERVIZIO DELLA CHIESA<\/span><\/span><\/h2>\n<address><span style=\"font-family: 'andale mono', times;\">&#8220;Gli occhi nostri,<a href=\"http:\/\/www.iconografi.it\/wordpress\/..\/public\/2013\/06\/iconografia.jpg\"><img loading=\"lazy\" decoding=\"async\" class=\"alignright wp-image-1201\" src=\"http:\/\/www.iconografi.it\/wordpress\/..\/public\/2013\/06\/iconografia-226x300.jpg\" alt=\"Scuola di iconografia San Luca\" width=\"113\" height=\"151\" \/><\/a><\/span><br \/>\n<span style=\"font-family: 'andale mono', times;\"> gli occhi della nostra anima,<\/span><\/address>\n<address><span style=\"font-family: 'andale mono', times;\">hanno bisogno, hanno necessit\u00e0<\/span><\/address>\n<address><span style=\"font-family: 'andale mono', times;\">di essere\u00a0preparati\u00a0per guardare<\/span><\/address>\n<address><span style=\"font-family: 'andale mono', times;\">quel volto meraviglioso di Ges\u00f9.&#8221;<\/span><\/address>\n<address><span style=\"font-family: 'andale mono', times;\">Papa Francesco<\/span><br \/>\n<span style=\"font-family: 'andale mono', times; font-size: 8pt;\"> (omelia del 26 aprile 2013 a Casa s. Marta).<\/span><\/address>\n<p>&nbsp;<\/p>\n<div id=\"attachment_1331\" style=\"width: 150px\" class=\"wp-caption alignleft\"><a href=\"http:\/\/www.iconografi.it\/wordpress\/..\/public\/2014\/04\/fase-di-lavoro.png\"><img loading=\"lazy\" decoding=\"async\" aria-describedby=\"caption-attachment-1331\" class=\"wp-image-1331\" src=\"http:\/\/www.iconografi.it\/wordpress\/..\/public\/2014\/04\/fase-di-lavoro-201x300.png\" alt=\"fase di lavoro\" width=\"140\" height=\"209\" srcset=\"https:\/\/www.iconografi.it\/wordpress\/..\/public\/2014\/04\/fase-di-lavoro-201x300.png 201w, https:\/\/www.iconografi.it\/wordpress\/..\/public\/2014\/04\/fase-di-lavoro.png 242w\" sizes=\"auto, (max-width: 140px) 100vw, 140px\" \/><\/a><p id=\"caption-attachment-1331\" class=\"wp-caption-text\">fase di lavoro<\/p><\/div>\n<p>&nbsp;<\/p>\n<p><span style=\"color: #993300;\">Dal 1983 la Scuola di Iconografia opera in\u00a0<\/span><span style=\"font-size: 16px; color: #993300;\">Diocesi per la riscoperta dell&#8217;Icona e del suo ruolo a servizio della Chiesa.<\/span><\/p>\n<p>&nbsp;<\/p>\n<p><span style=\"color: #993300;\">Propone un percorso teorico e pratico che porta all&#8217;apprendimento del linguaggio e della\u00a0tecnica pittorica necessari alla realizzazione concreta di un&#8217;icona.<\/span><\/p>\n<p>&nbsp;<\/p>\n<p align=\"center\"><strong><span style=\"color: #993300;\">Corsi della Scuola di Iconografia &#8220;San Luca&#8221; per l&#8217;anno 2014-2015<\/span><\/strong><\/p>\n<p><span style=\"color: #800000;\">I corsi si svolgeranno <strong>il marted\u00ec, il mercoled\u00ec e il gioved\u00ec,<\/strong> con cadenza quindicinale, dalle ore 15 alle ore 18,30 a partire da ottobre presso<\/span><\/p>\n<p align=\"center\"><strong><span style=\"color: #993300;\">l&#8217;Istituto Barbarigo, via dei Rogati 17, Padova<\/span><\/strong><\/p>\n<p><span style=\"color: #993300;\">Possibilit\u00e0 di parcheggio interno da Via del Seminario, 7 (secondo cancello). Raggiungibile anche con bus linea 2 (Park Colli &#8211; Duomo &#8211; Piazze) fino a via Barbarigo o via XX Settembre.<\/span><\/p>\n<p><span style=\"color: #800000;\">I corsi saranno strutturati come segue, e secondo il calendario\u00a0riportato nella locandina prelevabile in calce all&#8217;articolo.<\/span><\/p>\n<ul>\n<li><strong><span style=\"color: #993300;\">1^<\/span><span style=\"color: #800000;\"> corso: per principianti<\/span><\/strong><br \/>\n<span style=\"color: #800000;\"> 12 incontri &#8211; docente Annarosa Ambrosi<\/span><br \/>\n<span style=\"color: #800000;\"> \u00a0Soggetto: il Volto di Cristo<\/span><\/li>\n<\/ul>\n<ul>\n<li><strong><span style=\"color: #800000;\">\u00a02^ corso: per allievi proseguenti<\/span><\/strong><br \/>\n<span style=\"color: #800000;\"> 11 incontri &#8211; docente Annarosa Ambrosi<\/span><br \/>\n<span style=\"color: #800000;\"> \u00a0Soggetto: Madre di Dio con Bambino.<\/span><\/li>\n<\/ul>\n<ul>\n<li><strong><span style=\"color: #800000;\">3^ corso: per allievi progrediti<\/span><\/strong><br \/>\n<span style=\"color: #800000;\"> 11 incontri &#8211; docente Enrico Bertaboni<\/span><br \/>\n<span style=\"color: #800000;\"> Soggetto: la Sacra Famiglia.<\/span><br \/>\n<span style=\"color: #800000;\"> Dimensioni tavola: 30&#215;30 arco ribassato.<\/span><\/li>\n<\/ul>\n<ul>\n<li><strong><span style=\"color: #800000;\">4^ corso: per allievi avanzati<\/span><\/strong><br \/>\n<span style=\"color: #800000;\"> 10 incontri &#8211; docente Giovanni Mezzalira<\/span><br \/>\n<span style=\"color: #800000;\"> Soggetto: San Francesco e Santa Chiara (due tavole)<\/span><br \/>\n<span style=\"color: #800000;\"> piccola: 25&#215;33,5cm (20&#215;26,5cm interno)<\/span><br \/>\n<span style=\"color: #800000;\"> media: 27x36cm (22x30cm interno)<\/span><br \/>\n<span style=\"color: #800000;\"> grande: 30x40cm (25x34cm interno)<\/span><\/li>\n<\/ul>\n<p><span style=\"color: #993300;\">I corsi saranno avviati con un minimo di 10 partecipanti.<\/span><\/p>\n<p><a href=\"http:\/\/www.iconografi.it\/wordpress\/..\/public\/2001\/01\/maphorion.jpg\"><img loading=\"lazy\" decoding=\"async\" class=\"size-medium wp-image-335 alignleft\" src=\"http:\/\/www.iconografi.it\/wordpress\/..\/public\/2001\/01\/maphorion-224x300.jpg\" alt=\"maphorion\" width=\"224\" height=\"300\" srcset=\"https:\/\/www.iconografi.it\/wordpress\/..\/public\/2001\/01\/maphorion-224x300.jpg 224w, https:\/\/www.iconografi.it\/wordpress\/..\/public\/2001\/01\/maphorion-767x1024.jpg 767w, https:\/\/www.iconografi.it\/wordpress\/..\/public\/2001\/01\/maphorion.jpg 1188w\" sizes=\"auto, (max-width: 224px) 100vw, 224px\" \/><\/a><\/p>\n<p>&nbsp;<\/p>\n<p><span style=\"color: #800000;\">Tutti gli iscritti sono invitati a partecipare il giorno 18 ottobre\u00a0all&#8217;<strong>incontro\u00a0di presentazione<\/strong> del programma presso l\u2019Istituto Barbarigo, alle ore 16,00 e alla <strong>S. Messa in onore di S. Luca<\/strong>, presieduta dall&#8217;Arcivescovo di Padova, nella Basilica di S. Giustina, alle ore 18,30<\/span><\/p>\n<p><em><span style=\"color: #800000;\"><a style=\"color: #800000;\" title=\"Locandina corsi di iconografica San Luca 2014 2015\" href=\"http:\/\/www.iconografi.it\/wordpress\/..\/public\/2014\/09\/Locandina-per-sito-web-iconografi-con-calendario-2014-2015-2014-10-17.pdf\" target=\"_blank\" rel=\"noopener\">Scarica qui la locandina con\u00a0il calendario\u00a0e le informazioni per le iscrizioni alla Scuola di Iconografia 2014 2015<\/a><\/span><\/em><\/p>\n<p>&nbsp;<\/p>\n","protected":false},"excerpt":{"rendered":"<p>SCUOLA DIOCESANA DI ICONOGRAFIA &#8220;S. LUCA&#8221; L&#8217;ARTE SACRA DELL&#8217;ICONA\u00a0A SERVIZIO DELLA CHIESA &#8220;Gli occhi nostri, gli occhi della nostra anima, hanno bisogno, hanno necessit\u00e0 di essere\u00a0preparati\u00a0per guardare quel volto meraviglioso di Ges\u00f9.&#8221; Papa Francesco (omelia del 26 aprile 2013 a &hellip; <a href=\"https:\/\/www.iconografi.it\/?p=1402\">Continua a leggere<span class=\"meta-nav\">&rarr;<\/span><\/a><\/p>\n","protected":false},"author":2,"featured_media":0,"comment_status":"closed","ping_status":"closed","sticky":false,"template":"","format":"standard","meta":{"footnotes":""},"categories":[3,58],"tags":[],"class_list":["post-1402","post","type-post","status-publish","format-standard","hentry","category-limmagine-sacra-nella-chiesa","category-scuola-di-iconografia"],"_links":{"self":[{"href":"https:\/\/www.iconografi.it\/index.php?rest_route=\/wp\/v2\/posts\/1402","targetHints":{"allow":["GET"]}}],"collection":[{"href":"https:\/\/www.iconografi.it\/index.php?rest_route=\/wp\/v2\/posts"}],"about":[{"href":"https:\/\/www.iconografi.it\/index.php?rest_route=\/wp\/v2\/types\/post"}],"author":[{"embeddable":true,"href":"https:\/\/www.iconografi.it\/index.php?rest_route=\/wp\/v2\/users\/2"}],"replies":[{"embeddable":true,"href":"https:\/\/www.iconografi.it\/index.php?rest_route=%2Fwp%2Fv2%2Fcomments&post=1402"}],"version-history":[{"count":20,"href":"https:\/\/www.iconografi.it\/index.php?rest_route=\/wp\/v2\/posts\/1402\/revisions"}],"predecessor-version":[{"id":2870,"href":"https:\/\/www.iconografi.it\/index.php?rest_route=\/wp\/v2\/posts\/1402\/revisions\/2870"}],"wp:attachment":[{"href":"https:\/\/www.iconografi.it\/index.php?rest_route=%2Fwp%2Fv2%2Fmedia&parent=1402"}],"wp:term":[{"taxonomy":"category","embeddable":true,"href":"https:\/\/www.iconografi.it\/index.php?rest_route=%2Fwp%2Fv2%2Fcategories&post=1402"},{"taxonomy":"post_tag","embeddable":true,"href":"https:\/\/www.iconografi.it\/index.php?rest_route=%2Fwp%2Fv2%2Ftags&post=1402"}],"curies":[{"name":"wp","href":"https:\/\/api.w.org\/{rel}","templated":true}]}}