{"id":1138,"date":"2013-05-27T06:39:35","date_gmt":"2013-05-27T04:39:35","guid":{"rendered":"http:\/\/www.iconografi.it\/?p=1138"},"modified":"2013-06-03T05:19:49","modified_gmt":"2013-06-03T03:19:49","slug":"corso-estivo-di-iconografia","status":"publish","type":"post","link":"https:\/\/www.iconografi.it\/?p=1138","title":{"rendered":"Corso Estivo di Iconografia"},"content":{"rendered":"<p><strong><br \/>\nCORSO d\u2019ICONOGRAFIA<\/strong><\/p>\n<p><strong>da luned\u00ec 17 a mercoled\u00ec 26 giugno 2013<\/strong><\/p>\n<p>a Villa Immacolata &#8211; Torreglia (PD)<\/p>\n<h2>Il corso<\/h2>\n<div id=\"attachment_1141\" style=\"width: 466px\" class=\"wp-caption alignleft\"><a href=\"http:\/\/www.iconografi.it\/wordpress\/..\/public\/2013\/04\/Cristo-Pantocrator.jpg\"><img loading=\"lazy\" decoding=\"async\" aria-describedby=\"caption-attachment-1141\" class=\"size-full wp-image-1141\" alt=\"Cristo Pantocrator, immagine di repertorio (i soggetti specifici per il corso saranno assegnati direttamente ai partecipanti)\" src=\"http:\/\/www.iconografi.it\/wordpress\/..\/public\/2013\/04\/Cristo-Pantocrator.jpg\" width=\"456\" height=\"630\" srcset=\"https:\/\/www.iconografi.it\/wordpress\/..\/public\/2013\/04\/Cristo-Pantocrator.jpg 456w, https:\/\/www.iconografi.it\/wordpress\/..\/public\/2013\/04\/Cristo-Pantocrator-217x300.jpg 217w\" sizes=\"auto, (max-width: 456px) 100vw, 456px\" \/><\/a><p id=\"caption-attachment-1141\" class=\"wp-caption-text\">Cristo Pantocrator, immagine di repertorio (i soggetti specifici per il corso saranno assegnati direttamente ai partecipanti)<\/p><\/div>\n<p>Il corso propone l\u2019esperienza della pittura completa di un\u2019icona, attraverso tutte le sue tappe,\u00a0 evidenziandone la tecnica, l\u2019estetica e la teologia in essa racchiuse.<\/p>\n<p>Non pretende di formare da subito degli iconografi (per questo si richiedono anni di apprendistato)\u00a0: vuol fornire delle concrete chiavi di accesso all\u2019arte sacra in vista di trarne benefici a diversi livelli:<\/p>\n<ul>\n<li>l\u2019approfondimento del senso del mistero dell\u2019Incarnazione, grazie alla quale il nostro Creatore ha assunto un volto visibile e raffigurabile\u00a0;<\/li>\n<li>la scoperta della dignit\u00e0 di questo lavoro di raffigurazione del volto di Dio che supera l\u2019esperienza artistica\u00a0 soggettiva e diventa servizio ecclesiale\u00a0;<\/li>\n<li>accorgersi come il mondo materiale del creato pu\u00f2 concorrere efficacemente a questa raffigurazione quasi ne fosse misteriosamente predisposto.<\/li>\n<\/ul>\n<p><img decoding=\"async\" title=\"Continua...\" alt=\"\" src=\"http:\/\/www.iconografi.it\/wordpress\/wp-includes\/js\/tinymce\/plugins\/wordpress\/img\/trans.gif\" \/><\/p>\n<p>Il corso \u00e8 una piccola esperienza che pu\u00f2 avere risonanza e illuminare ambiti pi\u00f9 vasti come l\u2019intera nostra vita, la preghiera, la liturgia, i rapporti interpersonali&#8230;<\/p>\n<h2><!--more--><\/h2>\n<h2>I soggetti<\/h2>\n<ul>\n<li>Principianti: Cristo Pantocrator<\/li>\n<li>Secondo livello: Madre di Dio \u201cPelagonitissa\u201d<\/li>\n<\/ul>\n<p>&nbsp;<\/p>\n<ul>\n<li>Dimensioni tavola cm 30&#215;40 proporzione 3:4<\/li>\n<li>Proseguimento: Annunciazione<\/li>\n<li>Dimensioni minime della tavola (proporzione 3:4):<\/li>\n<li>esterno cm 30&#215;40<\/li>\n<li>oppure : interno 28&#215;38 esterno 33&#215;44 cm<\/li>\n<li>oppure : interno 31&#215;42 esterno 36&#215;48 cm<\/li>\n<\/ul>\n<p>&nbsp;<\/p>\n<h2>Le tappe<\/h2>\n<p>Le tappe di esecuzione dell\u2019icona riguardano\u00a0:<\/p>\n<ul>\n<li>la tavola di legno e la sua preparazione con gesso\u00a0;<\/li>\n<li>la stilizzazione del disegno\u00a0: \u201calfabeto\u201d della scrittura iconografica\u00a0;<\/li>\n<li>la doratura\u00a0;<\/li>\n<li>la tempera all\u2019uovo\u00a0;<\/li>\n<li>i colori e i pigmenti naturali\u00a0;<\/li>\n<li>la tecnica delle lumeggiature\u00a0;<\/li>\n<li>le iscrizioni\u00a0;<\/li>\n<li>la vernice finale con l\u2019olifa.<\/li>\n<\/ul>\n<h2>Sede del corso\u00a0:<\/h2>\n<p>Casa di Spiritualit\u00e0 diocesana\u00a0VILLA IMMACOLATA<\/p>\n<p>Via Monte Rua,4\u00a035038 TORREGLIA (PD)<\/p>\n<p>(nella splendida cornice dei Colli Euganei)<\/p>\n<p>tel 049 5211340<\/p>\n<p>web: www.villaimmacolata.net<\/p>\n<p>e-mail:info@villaimmacolata.net<\/p>\n<h2>Orari di lavoro:<\/h2>\n<p>dalle 9.00 alle 12.30 e<\/p>\n<p>dalle 15.00 alle 18.00<\/p>\n<p>tempo libero e possibilit\u00e0 di preghiera personale o con gli orari della comunit\u00e0 residente<\/p>\n<ul>\n<li>alle 7.00 eucarestia<\/li>\n<li>alle 18.30 vespro<\/li>\n<\/ul>\n<p>Insegnante:<\/p>\n<p>maestro Enrico Bertaboni<\/p>\n<p>segreteria e iscrizioni:<\/p>\n<p>Wilma Pegoraro<\/p>\n<p>348 5366826<\/p>\n<p><a href=\"mailto:wilma.pegoraro@gmail.com\">wilma.pegoraro@gmail.com<\/a><\/p>\n<p>iscrizioni entro 31 maggio 2013<\/p>\n","protected":false},"excerpt":{"rendered":"<p>CORSO d\u2019ICONOGRAFIA da luned\u00ec 17 a mercoled\u00ec 26 giugno 2013 a Villa Immacolata &#8211; Torreglia (PD) Il corso Il corso propone l\u2019esperienza della pittura completa di un\u2019icona, attraverso tutte le sue tappe,\u00a0 evidenziandone la tecnica, l\u2019estetica e la teologia in &hellip; <a href=\"https:\/\/www.iconografi.it\/?p=1138\">Continua a leggere<span class=\"meta-nav\">&rarr;<\/span><\/a><\/p>\n","protected":false},"author":2,"featured_media":0,"comment_status":"closed","ping_status":"closed","sticky":false,"template":"","format":"standard","meta":{"footnotes":""},"categories":[3],"tags":[42,5,24,25,13,35,26,33],"class_list":["post-1138","post","type-post","status-publish","format-standard","hentry","category-limmagine-sacra-nella-chiesa","tag-corsi-di-iconografia","tag-icona","tag-icone-2","tag-iconografia","tag-immagine","tag-linguaggio-dellicona","tag-scuola-di-iconografia","tag-tradizione-orientale"],"_links":{"self":[{"href":"https:\/\/www.iconografi.it\/index.php?rest_route=\/wp\/v2\/posts\/1138","targetHints":{"allow":["GET"]}}],"collection":[{"href":"https:\/\/www.iconografi.it\/index.php?rest_route=\/wp\/v2\/posts"}],"about":[{"href":"https:\/\/www.iconografi.it\/index.php?rest_route=\/wp\/v2\/types\/post"}],"author":[{"embeddable":true,"href":"https:\/\/www.iconografi.it\/index.php?rest_route=\/wp\/v2\/users\/2"}],"replies":[{"embeddable":true,"href":"https:\/\/www.iconografi.it\/index.php?rest_route=%2Fwp%2Fv2%2Fcomments&post=1138"}],"version-history":[{"count":19,"href":"https:\/\/www.iconografi.it\/index.php?rest_route=\/wp\/v2\/posts\/1138\/revisions"}],"predecessor-version":[{"id":1140,"href":"https:\/\/www.iconografi.it\/index.php?rest_route=\/wp\/v2\/posts\/1138\/revisions\/1140"}],"wp:attachment":[{"href":"https:\/\/www.iconografi.it\/index.php?rest_route=%2Fwp%2Fv2%2Fmedia&parent=1138"}],"wp:term":[{"taxonomy":"category","embeddable":true,"href":"https:\/\/www.iconografi.it\/index.php?rest_route=%2Fwp%2Fv2%2Fcategories&post=1138"},{"taxonomy":"post_tag","embeddable":true,"href":"https:\/\/www.iconografi.it\/index.php?rest_route=%2Fwp%2Fv2%2Ftags&post=1138"}],"curies":[{"name":"wp","href":"https:\/\/api.w.org\/{rel}","templated":true}]}}